{"id":161,"date":"2024-02-20T16:50:16","date_gmt":"2024-02-20T19:50:16","guid":{"rendered":"https:\/\/cleanodonto.sunshinedesenvolvimentos.com\/?p=161"},"modified":"2024-02-20T16:50:16","modified_gmt":"2024-02-20T19:50:16","slug":"impacto-da-saude-bucal-na-saude-geral","status":"publish","type":"post","link":"https:\/\/cleanodonto.sunshinedesenvolvimentos.com\/index.php\/2024\/02\/20\/impacto-da-saude-bucal-na-saude-geral\/","title":{"rendered":"Impacto da Sa\u00fade Bucal na Sa\u00fade Geral"},"content":{"rendered":"\n<p>A rela\u00e7\u00e3o entre sa\u00fade bucal e sa\u00fade geral tem sido cada vez mais reconhecida como um componente crucial do bem-estar global. Aqui est\u00e1 uma vis\u00e3o abrangente do impacto da sa\u00fade bucal na sa\u00fade geral:<\/p>\n\n\n\n<p><strong>Doen\u00e7as Periodontais e Sist\u00eamicas:<\/strong> Estudos cient\u00edficos t\u00eam demonstrado uma associa\u00e7\u00e3o entre doen\u00e7as periodontais, como gengivite e periodontite, e v\u00e1rias condi\u00e7\u00f5es de sa\u00fade sist\u00eamica, incluindo doen\u00e7as card\u00edacas, diabetes, acidente vascular cerebral (AVC) e complica\u00e7\u00f5es na gravidez. A inflama\u00e7\u00e3o cr\u00f4nica causada pela doen\u00e7a periodontal pode contribuir para o desenvolvimento e agravamento dessas condi\u00e7\u00f5es, destacando a import\u00e2ncia da sa\u00fade bucal na preven\u00e7\u00e3o de doen\u00e7as sist\u00eamicas.<\/p>\n\n\n\n<p><strong>Sa\u00fade Cardiovascular:<\/strong> A sa\u00fade bucal est\u00e1 intimamente ligada \u00e0 sa\u00fade cardiovascular, com pesquisas sugerindo que a periodontite pode aumentar o risco de doen\u00e7as card\u00edacas e derrames. A inflama\u00e7\u00e3o cr\u00f4nica das gengivas pode desencadear uma resposta inflamat\u00f3ria em todo o corpo, afetando os vasos sangu\u00edneos e contribuindo para a forma\u00e7\u00e3o de placas nas art\u00e9rias.<\/p>\n\n\n\n<p><strong>Diabetes:<\/strong> A rela\u00e7\u00e3o entre sa\u00fade bucal e diabetes \u00e9 bidirecional, com a doen\u00e7a periodontal dificultando o controle do diabetes e o diabetes aumentando o risco de desenvolver doen\u00e7as gengivais. Manter uma boa sa\u00fade bucal \u00e9 crucial para controlar os n\u00edveis de glicose no sangue e prevenir complica\u00e7\u00f5es relacionadas ao diabetes.<\/p>\n\n\n\n<p><strong>Sa\u00fade Respirat\u00f3ria:<\/strong> A sa\u00fade bucal tamb\u00e9m desempenha um papel na sa\u00fade respirat\u00f3ria, com estudos sugerindo uma liga\u00e7\u00e3o entre doen\u00e7as periodontais e problemas respirat\u00f3rios, como pneumonia e bronquite. A inala\u00e7\u00e3o de bact\u00e9rias orais presentes na placa bacteriana pode contribuir para infec\u00e7\u00f5es respirat\u00f3rias e agravar condi\u00e7\u00f5es pr\u00e9-existentes.<\/p>\n\n\n\n<p><strong>Bem-Estar Mental e Qualidade de Vida:<\/strong> Problemas dent\u00e1rios, como c\u00e1ries, dor de dente e mau h\u00e1lito, podem ter um impacto significativo no bem-estar mental e na qualidade de vida. A dor cr\u00f4nica e a autoconsci\u00eancia de problemas est\u00e9ticos podem afetar a autoestima e a confian\u00e7a, prejudicando o bem-estar emocional e social.<\/p>\n\n\n\n<p><strong>Cuidados Integrados:<\/strong> Diante da crescente evid\u00eancia do impacto da sa\u00fade bucal na sa\u00fade geral, \u00e9 fundamental adotar uma abordagem integrada \u00e0 sa\u00fade, que reconhe\u00e7a a import\u00e2ncia dos cuidados odontol\u00f3gicos na preven\u00e7\u00e3o e tratamento de doen\u00e7as sist\u00eamicas. Isso inclui promover a conscientiza\u00e7\u00e3o sobre a import\u00e2ncia da higiene bucal, incentivar a colabora\u00e7\u00e3o entre profissionais de sa\u00fade e fornecer cuidados odontol\u00f3gicos acess\u00edveis e abrangentes para todos.<\/p>\n\n\n\n<p>Ao reconhecer o profundo impacto da sa\u00fade bucal na sa\u00fade geral, podemos tomar medidas proativas para promover um estilo de vida saud\u00e1vel e prevenir doen\u00e7as cr\u00f4nicas, melhorando assim a qualidade de vida e o bem-estar de todos.<\/p>\n\n\n\n<p>Esta not\u00edcia destaca a interconex\u00e3o entre sa\u00fade bucal e sa\u00fade geral, destacando como problemas dent\u00e1rios podem afetar diversas condi\u00e7\u00f5es sist\u00eamicas e enfatizando a import\u00e2ncia de cuidados odontol\u00f3gicos abrangentes para promover o bem-estar global.<\/p>\n","protected":false},"excerpt":{"rendered":"<p>A rela\u00e7\u00e3o entre sa\u00fade bucal e sa\u00fade geral tem sido cada vez mais reconhecida como um componente crucial do bem-estar global. Aqui est\u00e1 uma vis\u00e3o abrangente do impacto da sa\u00fade bucal na sa\u00fade geral: Doen\u00e7as Periodontais e Sist\u00eamicas: Estudos cient\u00edficos t\u00eam demonstrado uma associa\u00e7\u00e3o entre doen\u00e7as periodontais, como gengivite e periodontite, e v\u00e1rias condi\u00e7\u00f5es de [&hellip;]<\/p>\n","protected":false},"author":1,"featured_media":162,"comment_status":"open","ping_status":"open","sticky":false,"template":"","format":"standard","meta":{"footnotes":""},"categories":[1],"tags":[],"_links":{"self":[{"href":"https:\/\/cleanodonto.sunshinedesenvolvimentos.com\/index.php\/wp-json\/wp\/v2\/posts\/161"}],"collection":[{"href":"https:\/\/cleanodonto.sunshinedesenvolvimentos.com\/index.php\/wp-json\/wp\/v2\/posts"}],"about":[{"href":"https:\/\/cleanodonto.sunshinedesenvolvimentos.com\/index.php\/wp-json\/wp\/v2\/types\/post"}],"author":[{"embeddable":true,"href":"https:\/\/cleanodonto.sunshinedesenvolvimentos.com\/index.php\/wp-json\/wp\/v2\/users\/1"}],"replies":[{"embeddable":true,"href":"https:\/\/cleanodonto.sunshinedesenvolvimentos.com\/index.php\/wp-json\/wp\/v2\/comments?post=161"}],"version-history":[{"count":1,"href":"https:\/\/cleanodonto.sunshinedesenvolvimentos.com\/index.php\/wp-json\/wp\/v2\/posts\/161\/revisions"}],"predecessor-version":[{"id":163,"href":"https:\/\/cleanodonto.sunshinedesenvolvimentos.com\/index.php\/wp-json\/wp\/v2\/posts\/161\/revisions\/163"}],"wp:featuredmedia":[{"embeddable":true,"href":"https:\/\/cleanodonto.sunshinedesenvolvimentos.com\/index.php\/wp-json\/wp\/v2\/media\/162"}],"wp:attachment":[{"href":"https:\/\/cleanodonto.sunshinedesenvolvimentos.com\/index.php\/wp-json\/wp\/v2\/media?parent=161"}],"wp:term":[{"taxonomy":"category","embeddable":true,"href":"https:\/\/cleanodonto.sunshinedesenvolvimentos.com\/index.php\/wp-json\/wp\/v2\/categories?post=161"},{"taxonomy":"post_tag","embeddable":true,"href":"https:\/\/cleanodonto.sunshinedesenvolvimentos.com\/index.php\/wp-json\/wp\/v2\/tags?post=161"}],"curies":[{"name":"wp","href":"https:\/\/api.w.org\/{rel}","templated":true}]}}